{"id":108,"date":"2016-09-22T14:26:02","date_gmt":"2016-09-22T12:26:02","guid":{"rendered":"http:\/\/jestesmyrazem.org.pl\/?p=108"},"modified":"2016-11-15T14:33:52","modified_gmt":"2016-11-15T13:33:52","slug":"vi-dzien-latawca","status":"publish","type":"post","link":"http:\/\/jestesmyrazem.org.pl\/?p=108","title":{"rendered":"VI Dzie\u0144 Latawca"},"content":{"rendered":"<p>Ju\u017c po raz sz\u00f3sty dzi\u0119ki zaproszeniu Stowarzyszenia Integracji Os\u00f3b Niepe\u0142nosprawnych \u201eSion\u201d z Bartoszyc nasi uczestnicy w sk\u0142adzie: Marcin Lakei, Daniel Lakei, Bogus\u0142aw Plona, Kamil Szczepaniak, Andrzej Huk i Krystyna Plona wzi\u0119li udzia\u0142 w<\/p>\n<p>VI Dniu Latawca (22.09.2016), kt\u00f3ry zosta\u0142 zorganizowany na Stadionie Miejskim. Rozegrane zosta\u0142y dwie konkurencje: najlepszy latawiec p\u0142aski i najlepszy latawiec skrzynkowy. Pomimo, i\u017c nie uda\u0142o nam si\u0119 zaj\u0105c zaszczytnego miejsca na podium zabawa by\u0142a wy\u015bmienita.<\/p>\n<p>Celem imprezy by\u0142a popularyzacja modelarstwa i zawod\u00f3w latawcowych, rozw\u00f3j umiej\u0119tno\u015bci manualnych, konstruktorskich oraz plastycznych os\u00f3b niepe\u0142nosprawnych.<\/p>\n<p>S\u0119dziowie ocenili:<\/p>\n<p>&#8211; konstrukcje latawca i oryginalno\u015b\u0107 pomys\u0142u<\/p>\n<p>&#8211; staranno\u015b\u0107 wykonania latawca<\/p>\n<p>&#8211; opraw\u0119 plastyczn\u0105 latawca<\/p>\n<p>&#8211; oryginalno\u015b\u0107 nazwy latawca<\/p>\n<p>&#8211;\u00a0 lot latawca<\/p>\n<p>Impreza zako\u0144czy\u0142a si\u0119 rozdaniem nagr\u00f3d i wsp\u00f3lnym grillowaniem.<\/p>\n<div id='gallery-1' class='gallery galleryid-108 gallery-columns-5 gallery-size-thumbnail'><figure class='gallery-item'>\n\t\t\t<div class='gallery-icon landscape'>\n\t\t\t\t<a title=\"13112935_1242967529098160_7456182049376971478_o\" href='http:\/\/jestesmyrazem.org.pl\/?attachment_id=109'><img loading=\"lazy\" decoding=\"async\" width=\"150\" height=\"150\" src=\"http:\/\/jestesmyrazem.org.pl\/wp-content\/uploads\/2016\/11\/13112935_1242967529098160_7456182049376971478_o-150x150.jpg\" class=\"attachment-thumbnail size-thumbnail\" alt=\"\" \/><\/a>\n\t\t\t<\/div><\/figure><figure class='gallery-item'>\n\t\t\t<div class='gallery-icon landscape'>\n\t\t\t\t<a title=\"14372098_1242968142431432_1811177730005062878_o\" href='http:\/\/jestesmyrazem.org.pl\/?attachment_id=110'><img loading=\"lazy\" decoding=\"async\" width=\"150\" height=\"150\" src=\"http:\/\/jestesmyrazem.org.pl\/wp-content\/uploads\/2016\/11\/14372098_1242968142431432_1811177730005062878_o-150x150.jpg\" class=\"attachment-thumbnail size-thumbnail\" alt=\"\" \/><\/a>\n\t\t\t<\/div><\/figure><figure class='gallery-item'>\n\t\t\t<div class='gallery-icon landscape'>\n\t\t\t\t<a title=\"14372453_1242967275764852_8251344604941531722_o-1\" href='http:\/\/jestesmyrazem.org.pl\/?attachment_id=111'><img loading=\"lazy\" decoding=\"async\" width=\"150\" height=\"150\" src=\"http:\/\/jestesmyrazem.org.pl\/wp-content\/uploads\/2016\/11\/14372453_1242967275764852_8251344604941531722_o-1-150x150.jpg\" class=\"attachment-thumbnail size-thumbnail\" alt=\"\" \/><\/a>\n\t\t\t<\/div><\/figure><figure class='gallery-item'>\n\t\t\t<div class='gallery-icon landscape'>\n\t\t\t\t<a title=\"14379846_1242967839098129_7689865168362232926_o\" href='http:\/\/jestesmyrazem.org.pl\/?attachment_id=112'><img loading=\"lazy\" decoding=\"async\" width=\"150\" height=\"150\" src=\"http:\/\/jestesmyrazem.org.pl\/wp-content\/uploads\/2016\/11\/14379846_1242967839098129_7689865168362232926_o-150x150.jpg\" class=\"attachment-thumbnail size-thumbnail\" alt=\"\" \/><\/a>\n\t\t\t<\/div><\/figure><figure class='gallery-item'>\n\t\t\t<div class='gallery-icon landscape'>\n\t\t\t\t<a title=\"14379883_1242967905764789_7154281268096313739_o\" href='http:\/\/jestesmyrazem.org.pl\/?attachment_id=113'><img loading=\"lazy\" decoding=\"async\" width=\"150\" height=\"150\" src=\"http:\/\/jestesmyrazem.org.pl\/wp-content\/uploads\/2016\/11\/14379883_1242967905764789_7154281268096313739_o-150x150.jpg\" class=\"attachment-thumbnail size-thumbnail\" alt=\"\" \/><\/a>\n\t\t\t<\/div><\/figure><figure class='gallery-item'>\n\t\t\t<div class='gallery-icon landscape'>\n\t\t\t\t<a title=\"14409398_1242968042431442_2488101775658528386_o\" href='http:\/\/jestesmyrazem.org.pl\/?attachment_id=114'><img loading=\"lazy\" decoding=\"async\" width=\"150\" height=\"150\" src=\"http:\/\/jestesmyrazem.org.pl\/wp-content\/uploads\/2016\/11\/14409398_1242968042431442_2488101775658528386_o-150x150.jpg\" class=\"attachment-thumbnail size-thumbnail\" alt=\"\" \/><\/a>\n\t\t\t<\/div><\/figure><figure class='gallery-item'>\n\t\t\t<div class='gallery-icon landscape'>\n\t\t\t\t<a title=\"14409882_1242967332431513_7745506727481004018_o\" href='http:\/\/jestesmyrazem.org.pl\/?attachment_id=115'><img loading=\"lazy\" decoding=\"async\" width=\"150\" height=\"150\" src=\"http:\/\/jestesmyrazem.org.pl\/wp-content\/uploads\/2016\/11\/14409882_1242967332431513_7745506727481004018_o-150x150.jpg\" class=\"attachment-thumbnail size-thumbnail\" alt=\"\" \/><\/a>\n\t\t\t<\/div><\/figure><figure class='gallery-item'>\n\t\t\t<div class='gallery-icon landscape'>\n\t\t\t\t<a title=\"14425376_1242967432431503_8699835313894055921_o\" href='http:\/\/jestesmyrazem.org.pl\/?attachment_id=116'><img loading=\"lazy\" decoding=\"async\" width=\"150\" height=\"150\" src=\"http:\/\/jestesmyrazem.org.pl\/wp-content\/uploads\/2016\/11\/14425376_1242967432431503_8699835313894055921_o-150x150.jpg\" class=\"attachment-thumbnail size-thumbnail\" alt=\"\" \/><\/a>\n\t\t\t<\/div><\/figure><figure class='gallery-item'>\n\t\t\t<div class='gallery-icon landscape'>\n\t\t\t\t<a title=\"14435151_1242967292431517_6478000519098171707_o\" href='http:\/\/jestesmyrazem.org.pl\/?attachment_id=117'><img loading=\"lazy\" decoding=\"async\" width=\"150\" height=\"150\" src=\"http:\/\/jestesmyrazem.org.pl\/wp-content\/uploads\/2016\/11\/14435151_1242967292431517_6478000519098171707_o-150x150.jpg\" class=\"attachment-thumbnail size-thumbnail\" alt=\"\" \/><\/a>\n\t\t\t<\/div><\/figure><figure class='gallery-item'>\n\t\t\t<div class='gallery-icon landscape'>\n\t\t\t\t<a title=\"14444803_1242967745764805_7496515863061226043_o\" href='http:\/\/jestesmyrazem.org.pl\/?attachment_id=118'><img loading=\"lazy\" decoding=\"async\" width=\"150\" height=\"150\" src=\"http:\/\/jestesmyrazem.org.pl\/wp-content\/uploads\/2016\/11\/14444803_1242967745764805_7496515863061226043_o-150x150.jpg\" class=\"attachment-thumbnail size-thumbnail\" alt=\"\" \/><\/a>\n\t\t\t<\/div><\/figure>\n\t\t<\/div>\n\n","protected":false},"excerpt":{"rendered":"<p>Ju\u017c po raz sz\u00f3sty dzi\u0119ki zaproszeniu Stowarzyszenia Integracji Os\u00f3b Niepe\u0142nosprawnych \u201eSion\u201d z Bartoszyc nasi uczestnicy w sk\u0142adzie: Marcin Lakei, Daniel Lakei, Bogus\u0142aw Plona, Kamil Szczepaniak, Andrzej Huk i Krystyna Plona [&hellip;]<\/p>\n","protected":false},"author":2,"featured_media":111,"comment_status":"open","ping_status":"open","sticky":false,"template":"","format":"standard","meta":{"footnotes":""},"categories":[1],"tags":[],"class_list":["post-108","post","type-post","status-publish","format-standard","has-post-thumbnail","hentry","category-wydarzenia","clearfix"],"_links":{"self":[{"href":"http:\/\/jestesmyrazem.org.pl\/index.php?rest_route=\/wp\/v2\/posts\/108","targetHints":{"allow":["GET"]}}],"collection":[{"href":"http:\/\/jestesmyrazem.org.pl\/index.php?rest_route=\/wp\/v2\/posts"}],"about":[{"href":"http:\/\/jestesmyrazem.org.pl\/index.php?rest_route=\/wp\/v2\/types\/post"}],"author":[{"embeddable":true,"href":"http:\/\/jestesmyrazem.org.pl\/index.php?rest_route=\/wp\/v2\/users\/2"}],"replies":[{"embeddable":true,"href":"http:\/\/jestesmyrazem.org.pl\/index.php?rest_route=%2Fwp%2Fv2%2Fcomments&post=108"}],"version-history":[{"count":1,"href":"http:\/\/jestesmyrazem.org.pl\/index.php?rest_route=\/wp\/v2\/posts\/108\/revisions"}],"predecessor-version":[{"id":119,"href":"http:\/\/jestesmyrazem.org.pl\/index.php?rest_route=\/wp\/v2\/posts\/108\/revisions\/119"}],"wp:featuredmedia":[{"embeddable":true,"href":"http:\/\/jestesmyrazem.org.pl\/index.php?rest_route=\/wp\/v2\/media\/111"}],"wp:attachment":[{"href":"http:\/\/jestesmyrazem.org.pl\/index.php?rest_route=%2Fwp%2Fv2%2Fmedia&parent=108"}],"wp:term":[{"taxonomy":"category","embeddable":true,"href":"http:\/\/jestesmyrazem.org.pl\/index.php?rest_route=%2Fwp%2Fv2%2Fcategories&post=108"},{"taxonomy":"post_tag","embeddable":true,"href":"http:\/\/jestesmyrazem.org.pl\/index.php?rest_route=%2Fwp%2Fv2%2Ftags&post=108"}],"curies":[{"name":"wp","href":"https:\/\/api.w.org\/{rel}","templated":true}]}}