{"id":96,"date":"2016-09-23T14:24:06","date_gmt":"2016-09-23T12:24:06","guid":{"rendered":"http:\/\/jestesmyrazem.org.pl\/?p=96"},"modified":"2016-11-15T14:25:54","modified_gmt":"2016-11-15T13:25:54","slug":"przeglad-piosenek-w-wegorzewie","status":"publish","type":"post","link":"http:\/\/jestesmyrazem.org.pl\/?p=96","title":{"rendered":"Przegl\u0105d piosenek w W\u0119gorzewie"},"content":{"rendered":"<p>Pod koniec wrze\u015bnia (23.09.2016r.) mieli\u015bmy okazj\u0119 bra\u0107 udzia\u0142 w jubileuszowej X edycji Magicznego Mikrofonu &#8211; przegl\u0105du piosenek w W\u0119gorzewie, w kt\u00f3rym osoby niepe\u0142nosprawne wcielaj\u0105 si\u0119 w swoich ulubionych artyst\u00f3w i na scenie mog\u0105 poczu\u0107 si\u0119 jak prawdziwe gwiazdy. Bark\u0119 reprezentowa\u0142o pi\u0119\u0107 os\u00f3b. Nasza dru\u017cyna rywalizowa\u0142a z czternastoma innymi o\u015brodkami z ca\u0142ego wojew\u00f3dztwa.&#8221;Tamt\u0105 dziewczyn\u0119&#8221; z repertuary Sylwii Grzeszczak za\u015bpiewa\u0142y i zata\u0144czy\u0142y Anna i Dorota. Janek wyst\u0105pi\u0142 z piosenk\u0105 Braci Cugowskich &#8211; &#8222;Wierz\u0119 w lepszy \u015bwiat&#8221;. W ostatniej piosence swoimi umiej\u0119tno\u015bciami wokalnymi i tanecznymi mogli si\u0119 dodatkowo pochwali\u0107 Andrzej i Daniel. Publiczno\u015b\u0107 \u015bpiewa\u0142a z naszymi uczestnikami utw\u00f3r &#8222;Ale wko\u0142o jest weso\u0142o&#8221;. Barkowi arty\u015bci wr\u00f3cili z przegl\u0105du z wyr\u00f3\u017cnieniem i nagrodami rzeczowymi.<\/p>\n<div id='gallery-1' class='gallery galleryid-96 gallery-columns-7 gallery-size-thumbnail'><figure class='gallery-item'>\n\t\t\t<div class='gallery-icon landscape'>\n\t\t\t\t<a title=\"01\" href='http:\/\/jestesmyrazem.org.pl\/wp-content\/uploads\/2016\/11\/01.jpg'><img loading=\"lazy\" decoding=\"async\" width=\"150\" height=\"150\" src=\"http:\/\/jestesmyrazem.org.pl\/wp-content\/uploads\/2016\/11\/01-150x150.jpg\" class=\"attachment-thumbnail size-thumbnail\" alt=\"\" \/><\/a>\n\t\t\t<\/div><\/figure><figure class='gallery-item'>\n\t\t\t<div class='gallery-icon landscape'>\n\t\t\t\t<a title=\"02\" href='http:\/\/jestesmyrazem.org.pl\/wp-content\/uploads\/2016\/11\/02.jpg'><img loading=\"lazy\" decoding=\"async\" width=\"150\" height=\"150\" src=\"http:\/\/jestesmyrazem.org.pl\/wp-content\/uploads\/2016\/11\/02-150x150.jpg\" class=\"attachment-thumbnail size-thumbnail\" alt=\"\" \/><\/a>\n\t\t\t<\/div><\/figure><figure class='gallery-item'>\n\t\t\t<div class='gallery-icon landscape'>\n\t\t\t\t<a title=\"03\" href='http:\/\/jestesmyrazem.org.pl\/wp-content\/uploads\/2016\/11\/03.jpg'><img loading=\"lazy\" decoding=\"async\" width=\"150\" height=\"150\" src=\"http:\/\/jestesmyrazem.org.pl\/wp-content\/uploads\/2016\/11\/03-150x150.jpg\" class=\"attachment-thumbnail size-thumbnail\" alt=\"\" \/><\/a>\n\t\t\t<\/div><\/figure><figure class='gallery-item'>\n\t\t\t<div class='gallery-icon landscape'>\n\t\t\t\t<a title=\"04\" href='http:\/\/jestesmyrazem.org.pl\/wp-content\/uploads\/2016\/11\/04.jpg'><img loading=\"lazy\" decoding=\"async\" width=\"150\" height=\"150\" src=\"http:\/\/jestesmyrazem.org.pl\/wp-content\/uploads\/2016\/11\/04-150x150.jpg\" class=\"attachment-thumbnail size-thumbnail\" alt=\"\" \/><\/a>\n\t\t\t<\/div><\/figure><figure class='gallery-item'>\n\t\t\t<div class='gallery-icon landscape'>\n\t\t\t\t<a title=\"05\" href='http:\/\/jestesmyrazem.org.pl\/wp-content\/uploads\/2016\/11\/05.jpg'><img loading=\"lazy\" decoding=\"async\" width=\"150\" height=\"150\" src=\"http:\/\/jestesmyrazem.org.pl\/wp-content\/uploads\/2016\/11\/05-150x150.jpg\" class=\"attachment-thumbnail size-thumbnail\" alt=\"\" \/><\/a>\n\t\t\t<\/div><\/figure><figure class='gallery-item'>\n\t\t\t<div class='gallery-icon landscape'>\n\t\t\t\t<a title=\"06\" href='http:\/\/jestesmyrazem.org.pl\/wp-content\/uploads\/2016\/11\/06.jpg'><img loading=\"lazy\" decoding=\"async\" width=\"150\" height=\"150\" src=\"http:\/\/jestesmyrazem.org.pl\/wp-content\/uploads\/2016\/11\/06-150x150.jpg\" class=\"attachment-thumbnail size-thumbnail\" alt=\"\" \/><\/a>\n\t\t\t<\/div><\/figure><figure class='gallery-item'>\n\t\t\t<div class='gallery-icon landscape'>\n\t\t\t\t<a title=\"07\" href='http:\/\/jestesmyrazem.org.pl\/wp-content\/uploads\/2016\/11\/07.jpg'><img loading=\"lazy\" decoding=\"async\" width=\"150\" height=\"150\" src=\"http:\/\/jestesmyrazem.org.pl\/wp-content\/uploads\/2016\/11\/07-150x150.jpg\" class=\"attachment-thumbnail size-thumbnail\" alt=\"\" \/><\/a>\n\t\t\t<\/div><\/figure>\n\t\t<\/div>\n\n","protected":false},"excerpt":{"rendered":"<p>Pod koniec wrze\u015bnia (23.09.2016r.) mieli\u015bmy okazj\u0119 bra\u0107 udzia\u0142 w jubileuszowej X edycji Magicznego Mikrofonu &#8211; przegl\u0105du piosenek w W\u0119gorzewie, w kt\u00f3rym osoby niepe\u0142nosprawne wcielaj\u0105 si\u0119 w swoich ulubionych artyst\u00f3w i [&hellip;]<\/p>\n","protected":false},"author":2,"featured_media":103,"comment_status":"open","ping_status":"open","sticky":false,"template":"","format":"standard","meta":{"footnotes":""},"categories":[1],"tags":[],"class_list":["post-96","post","type-post","status-publish","format-standard","has-post-thumbnail","hentry","category-wydarzenia","clearfix"],"_links":{"self":[{"href":"http:\/\/jestesmyrazem.org.pl\/index.php?rest_route=\/wp\/v2\/posts\/96","targetHints":{"allow":["GET"]}}],"collection":[{"href":"http:\/\/jestesmyrazem.org.pl\/index.php?rest_route=\/wp\/v2\/posts"}],"about":[{"href":"http:\/\/jestesmyrazem.org.pl\/index.php?rest_route=\/wp\/v2\/types\/post"}],"author":[{"embeddable":true,"href":"http:\/\/jestesmyrazem.org.pl\/index.php?rest_route=\/wp\/v2\/users\/2"}],"replies":[{"embeddable":true,"href":"http:\/\/jestesmyrazem.org.pl\/index.php?rest_route=%2Fwp%2Fv2%2Fcomments&post=96"}],"version-history":[{"count":1,"href":"http:\/\/jestesmyrazem.org.pl\/index.php?rest_route=\/wp\/v2\/posts\/96\/revisions"}],"predecessor-version":[{"id":106,"href":"http:\/\/jestesmyrazem.org.pl\/index.php?rest_route=\/wp\/v2\/posts\/96\/revisions\/106"}],"wp:featuredmedia":[{"embeddable":true,"href":"http:\/\/jestesmyrazem.org.pl\/index.php?rest_route=\/wp\/v2\/media\/103"}],"wp:attachment":[{"href":"http:\/\/jestesmyrazem.org.pl\/index.php?rest_route=%2Fwp%2Fv2%2Fmedia&parent=96"}],"wp:term":[{"taxonomy":"category","embeddable":true,"href":"http:\/\/jestesmyrazem.org.pl\/index.php?rest_route=%2Fwp%2Fv2%2Fcategories&post=96"},{"taxonomy":"post_tag","embeddable":true,"href":"http:\/\/jestesmyrazem.org.pl\/index.php?rest_route=%2Fwp%2Fv2%2Ftags&post=96"}],"curies":[{"name":"wp","href":"https:\/\/api.w.org\/{rel}","templated":true}]}}